{"id":445,"date":"2024-11-15T00:36:34","date_gmt":"2024-11-14T23:36:34","guid":{"rendered":"https:\/\/www.martyka.eu\/?p=445"},"modified":"2024-11-15T00:36:34","modified_gmt":"2024-11-14T23:36:34","slug":"tak-sie-falszuje-historie-w-szkolach","status":"publish","type":"post","link":"https:\/\/www.martyka.eu\/index.php\/2024\/11\/15\/tak-sie-falszuje-historie-w-szkolach\/","title":{"rendered":"Tak si\u0119 fa\u0142szuje histori\u0119 w szko\u0142ach"},"content":{"rendered":"\n<p>Zobaczcie, jakie brednie wt\u0142aczaj\u0105 do umys\u0142\u00f3w naszych dzieci. Tekst jest pisany na przyk\u0142adzie <a href=\"https:\/\/www.facebook.com\/100057390702034\/videos\/1276889173653260\/\" data-type=\"link\" data-id=\"https:\/\/www.facebook.com\/100057390702034\/videos\/1276889173653260\/\" target=\"_blank\" rel=\"noreferrer noopener\">Szko\u0142y Podstawowej nr 14 w Tarnowie<\/a>, aczkolwiek id\u0119 o zak\u0142ad, \u017ce podobnie wygl\u0105da sytuacja w ca\u0142ej Polsce.<\/p>\n\n\n\n<p>Na zdj\u0119ciu obrazuj\u0105cym wpis fragment uroczystej akademii z okazji \u015awi\u0119ta Niepodleg\u0142o\u015bci (11 listopada). W centralnym, honorowym miejscu, portret J\u00f3zefa Pi\u0142sudzkiego. Teraz nasuwa si\u0119 pytanie: czy nauczyciele nie zdaj\u0105 sobie sprawy, \u017ce J\u00f3zef Pi\u0142sudzki by\u0142 japo\u0144skim, austriackim i niemieckim agentem (co samo w sobie jest kompromitacj\u0105), czy te\u017c nobilitowanie tej osoby jest celowe.<\/p>\n\n\n\n<p>Nikomu nie przysz\u0142o do g\u0142owy, aby przekaza\u0107 dzieciom, \u017ce 11 listopada to rocznica przekazania przez Rad\u0119 Regencyjn\u0105 w\u0142adzy (zwierzchnictwa nad wojskiem) J\u00f3zefowi Pi\u0142sudskiemu. Rada Regencyjna mia\u0142a w\u0142adz\u0119 nad NIEPODLEG\u0141\u0104 ju\u017c od ponad miesi\u0105ca Polsk\u0105. Bo tak naprawd\u0119 Polska odzyska\u0142a niepodleg\u0142o\u015b\u0107 7 pa\u017adziernika. Wtedy to zosta\u0142o zadekretowane oderwanie si\u0119 od mocarstw centralnych i Polska wesz\u0142a, pierwszy raz od 123 lat, na drog\u0119 niepodleg\u0142o\u015bci. 11 listopada to doj\u015bcie do w\u0142adzy sanacji &#8211; nie ma to nic wsp\u00f3lnego z odzyskaniem niepodleg\u0142o\u015bci. Co ciekawe, 11 listopada jako \u015awi\u0119to Niepodleg\u0142o\u015bci, by\u0142 obchodzony przed wojn\u0105 tylko 2 razy, a nast\u0119pnie \u015bwi\u0119to to zosta\u0142o zakazane przez rz\u0105d londy\u0144ski.<\/p>\n\n\n\n<p>Patrz\u0105c z perspektywy czasu, rz\u0105dy pi\u0142sudczyk\u00f3w okaza\u0142y si\u0119 dla Polski fatalne. Wysokie podatki, centralnie planowana gospodarka i powstawanie pa\u0144stwowych monopoli (co\u015b Wam to przypomina?) doprowadzi\u0142y do fatalnego op\u00f3\u017anienia w rozwoju gospodarczym. Wystarczy powiedzie\u0107, \u017ce jeszcze w 1930 roku ZSRR mia\u0142 podobny poziom gospodarki w przeliczeniu na mieszka\u0144ca, co Polska, a 8 lat p\u00f3\u017aniej ju\u017c o 53% wy\u017cszy! Przegoni\u0142a nas gospodarka komunistyczna, czyli skrajnie niewydolna. \u015awiadczy to dobitnie o ich poziomie zarz\u0105dzania.<\/p>\n\n\n\n<p>I jeszcze fakt, kt\u00f3ry &#8222;zapomniano&#8221; przekaza\u0107 uczniom. Chodzi o Bitw\u0119 Warszawsk\u0105, znan\u0105 jako &#8222;Cud nad Wis\u0142\u0105&#8221;. W czasie, gdy genera\u0142 Rozwadowski pogoni\u0142 bolszewik\u00f3w, Pi\u0142sudski, po z\u0142o\u017ceniu dymisji, uda\u0142 si\u0119 do swoich c\u00f3rek do Bobowej i nie mia\u0142 \u017bADNEGO wp\u0142ywu na losy starcia. Po zwyci\u0119skiej walce Pi\u0142sudski wycofa\u0142 dymisj\u0119, przypisa\u0142 sobie zas\u0142ugi Rozwadowskiego, a samego bohatera bitwy warszawskiej rozkaza\u0142 po zamachu majowym &#8211; podtruwa\u0107.<\/p>\n\n\n\n<p>Tak oto w szko\u0142ach zamiast historii prawdziwej wci\u0105\u017c karmi si\u0119 dzieci mitami i p\u00f3\u0142prawdami. Czy naprawd\u0119 chcemy, by kolejne pokolenia dorasta\u0142y w cieniu fa\u0142szywych bohater\u00f3w?<\/p>\n","protected":false},"excerpt":{"rendered":"<p>Zobaczcie, jakie brednie wt\u0142aczaj\u0105 do umys\u0142\u00f3w naszych dzieci. Tekst jest pisany na przyk\u0142adzie Szko\u0142y Podstawowej &hellip; <\/p>\n","protected":false},"author":1,"featured_media":448,"comment_status":"open","ping_status":"open","sticky":false,"template":"","format":"standard","meta":{"footnotes":""},"categories":[6,4,3],"tags":[],"class_list":["post-445","post","type-post","status-publish","format-standard","has-post-thumbnail","hentry","category-inne","category-polityka","category-tarnow"],"_links":{"self":[{"href":"https:\/\/www.martyka.eu\/index.php\/wp-json\/wp\/v2\/posts\/445","targetHints":{"allow":["GET"]}}],"collection":[{"href":"https:\/\/www.martyka.eu\/index.php\/wp-json\/wp\/v2\/posts"}],"about":[{"href":"https:\/\/www.martyka.eu\/index.php\/wp-json\/wp\/v2\/types\/post"}],"author":[{"embeddable":true,"href":"https:\/\/www.martyka.eu\/index.php\/wp-json\/wp\/v2\/users\/1"}],"replies":[{"embeddable":true,"href":"https:\/\/www.martyka.eu\/index.php\/wp-json\/wp\/v2\/comments?post=445"}],"version-history":[{"count":3,"href":"https:\/\/www.martyka.eu\/index.php\/wp-json\/wp\/v2\/posts\/445\/revisions"}],"predecessor-version":[{"id":449,"href":"https:\/\/www.martyka.eu\/index.php\/wp-json\/wp\/v2\/posts\/445\/revisions\/449"}],"wp:featuredmedia":[{"embeddable":true,"href":"https:\/\/www.martyka.eu\/index.php\/wp-json\/wp\/v2\/media\/448"}],"wp:attachment":[{"href":"https:\/\/www.martyka.eu\/index.php\/wp-json\/wp\/v2\/media?parent=445"}],"wp:term":[{"taxonomy":"category","embeddable":true,"href":"https:\/\/www.martyka.eu\/index.php\/wp-json\/wp\/v2\/categories?post=445"},{"taxonomy":"post_tag","embeddable":true,"href":"https:\/\/www.martyka.eu\/index.php\/wp-json\/wp\/v2\/tags?post=445"}],"curies":[{"name":"wp","href":"https:\/\/api.w.org\/{rel}","templated":true}]}}