{"id":568,"date":"2025-12-04T10:55:52","date_gmt":"2025-12-04T09:55:52","guid":{"rendered":"https:\/\/www.martyka.eu\/?p=568"},"modified":"2025-12-04T10:55:53","modified_gmt":"2025-12-04T09:55:53","slug":"cyrk-w-sadach-za-darmo-dla-wszystkich","status":"publish","type":"post","link":"https:\/\/www.martyka.eu\/index.php\/2025\/12\/04\/cyrk-w-sadach-za-darmo-dla-wszystkich\/","title":{"rendered":"Cyrk w s\u0105dach. Za darmo, dla wszystkich"},"content":{"rendered":"\n<p class=\"wp-block-paragraph\">Niedawna odmowa nominowania 46 s\u0119dzi\u00f3w przez prezydenta Nawrockiego wywo\u0142a\u0142o fal\u0119 oburzenia w \u015brodowiskach zbli\u017conych do koalicji rz\u0105dz\u0105cej. I pewnie takie zagranie mia\u0142oby sens, gdyby nie wydarzenia sprzed kilku lat, o kt\u00f3rych macie nie pami\u0119ta\u0107.<\/p>\n\n\n\n<p class=\"wp-block-paragraph\"><strong>Wi\u0119c Wam przypomn\u0119.<\/strong><\/p>\n\n\n\n<p class=\"wp-block-paragraph\">23 sierpnia 2018 roku szereg organizacji pozarz\u0105dowych, sympatyzuj\u0105cych z dzisiejsz\u0105 koalicj\u0105 rz\u0105dzi\u0105c\u0105, w tym Helsi\u0144ska Fundacja Praw Cz\u0142owieka, s\u0119dziowskie stowarzyszenia &#8222;Iustitia&#8221; i &#8222;Themis&#8221; oraz Stowarzyszenie Prokurator\u00f3w Lex Super Omnia wystosowa\u0142y do prezydenta Andrzeja Dudy apel o wstrzymanie si\u0119 z powo\u0142ywaniem &#8222;politycznych s\u0119dzi\u00f3w S\u0105du Najwy\u017cszego&#8221;. Zdaniem autor\u00f3w, w\u0142a\u015bnie mi\u0119dzy innymi upolitycznienie Krajowej Rady S\u0105downictwa powoduje, \u017ce procedura ta jest nierzetelna. 5 wrze\u015bnia 2018 roku pose\u0142 PO Robert Kropiwnicki \u017c\u0105da\u0142 od Prezydenta Dudy, aby &#8222;nie akceptowa\u0142&#8221; i &#8222;nie przyjmowa\u0142 \u015blubowania&#8221; od s\u0119dzi\u00f3w, a ich dokumenty zwr\u00f3ci\u0142 do KRS. 19 stycznia 2020 roku na spotkaniu w Pa\u0142acu Prezydenckim przedstawiciele Lewicy zaapelowali do Prezydenta Dudy, aby nie powo\u0142ywa\u0142 nowych s\u0119dzi\u00f3w, przedstawianych mu przez Krajow\u0105 Rad\u0119 S\u0105downictwa ze wzgl\u0119du na &#8222;liczne uwagi&#8221; co do sposobu powo\u0142ania KRS.<\/p>\n\n\n\n<p class=\"wp-block-paragraph\">Generalnie \u00f3wczesna opozycja, a obecna koalicja uwa\u017ca\u0142a, \u017ce prezydent nie powinien powo\u0142ywa\u0107 \u017cadnych s\u0119dzi\u00f3w rekomendowanych przez KRS ze wzgl\u0119du na jej upolitycznienie. Dzisiaj jest oburzona, \u017ce nie powo\u0142uje s\u0119dzi\u00f3w powo\u0142anych przez\u2026 dok\u0142adnie to samo upolitycznione KRS.<\/p>\n\n\n\n<p class=\"wp-block-paragraph\"><strong>Uwa\u017ca\u0142a\u2026 Ale ju\u017c nie uwa\u017ca.<\/strong> Pod odmowie podpisania 46 nominacji s\u0119dziowskich przez Nawrockiego okaza\u0142o si\u0119, \u017ce KRS to ju\u017c nie jest neo-KRS, a s\u0119dziowie s\u0105 rekomendowani ca\u0142kowicie legalnie i s\u0142usznie. Nie wierzycie? No to popatrzcie:<\/p>\n\n\n\n<p class=\"wp-block-paragraph\">&#8222;<em>\u017beby nie by\u0142o niczego, czyli doktryna Kononowicza w Pa\u0142acu Prezydenckim<\/em>&#8221; &#8211; premier Donald Tusk<br>&#8222;<em>Dzi\u015b prezydent odm\u00f3wi\u0142 nominacji dla s\u0119dzi\u00f3w. Destrukcja Pa\u0144stwa<\/em>&#8221; &#8211; Tomasz Siemoniak<br>&#8222;<em>Nawrocki odm\u00f3wi\u0142 nominacji 46 s\u0119dzi\u00f3w. To jest sabota\u017c<\/em>&#8221; &#8211; Dariusz Jo\u0144ski<br>&#8222;<em>Odmowa nominacji s\u0119dzi\u00f3w na wy\u017csze stanowiska to przede wszystkim uderzenie w prawo do s\u0105du Polek i Polak\u00f3w<\/em>&#8221; &#8211; Krzysztof \u015amieszek<br>&#8222;<em>Odmowa nominacji 46 s\u0119dzi\u00f3w to forma politycznego odwetu, nie troski o pa\u0144stwo prawa<\/em>&#8221; &#8211; Micha\u0142 Wypij<\/p>\n\n\n\n<p class=\"wp-block-paragraph\">Jest chyba oczywiste, \u017ce \u017cadnej ze stron tego konfliktu nie zale\u017cy na realnym rozwi\u0105zaniu problemu, ale na utrzymaniu tego cyrku. Zawsze wtedy mo\u017cna przyjmowa\u0107 jedynie te orzeczenia s\u0105d\u00f3w, kt\u00f3re s\u0105 na r\u0119k\u0119, a pozosta\u0142e odrzuca\u0107. Dzisiaj nawet nie kryj\u0105 si\u0119 ze swoj\u0105 hipokryzj\u0105.<\/p>\n\n\n\n<p class=\"wp-block-paragraph\">Przypomn\u0119, \u017ce propozycja tzw. &#8222;resetu konstytucyjnego&#8221;, kt\u00f3r\u0105 swego czasu zg\u0142osi\u0142a Konfederacja, nie spotka\u0142a si\u0119 praktycznie z \u017cadnym zainteresowaniem. Dlaczego? Bo zako\u0144czy\u0142aby ten kabaret &#8211; a to nie jest w niczyim interesie. No, chyba, \u017ce w naszym. Ale kogo to obchodzi?<\/p>\n","protected":false},"excerpt":{"rendered":"<p>Niedawna odmowa nominowania 46 s\u0119dzi\u00f3w przez prezydenta Nawrockiego wywo\u0142a\u0142o fal\u0119 oburzenia w \u015brodowiskach zbli\u017conych do &hellip; <\/p>\n","protected":false},"author":1,"featured_media":569,"comment_status":"open","ping_status":"open","sticky":false,"template":"","format":"standard","meta":{"footnotes":""},"categories":[4,8],"tags":[],"class_list":["post-568","post","type-post","status-publish","format-standard","has-post-thumbnail","hentry","category-polityka","category-spoleczenstwo"],"_links":{"self":[{"href":"https:\/\/www.martyka.eu\/index.php\/wp-json\/wp\/v2\/posts\/568","targetHints":{"allow":["GET"]}}],"collection":[{"href":"https:\/\/www.martyka.eu\/index.php\/wp-json\/wp\/v2\/posts"}],"about":[{"href":"https:\/\/www.martyka.eu\/index.php\/wp-json\/wp\/v2\/types\/post"}],"author":[{"embeddable":true,"href":"https:\/\/www.martyka.eu\/index.php\/wp-json\/wp\/v2\/users\/1"}],"replies":[{"embeddable":true,"href":"https:\/\/www.martyka.eu\/index.php\/wp-json\/wp\/v2\/comments?post=568"}],"version-history":[{"count":1,"href":"https:\/\/www.martyka.eu\/index.php\/wp-json\/wp\/v2\/posts\/568\/revisions"}],"predecessor-version":[{"id":570,"href":"https:\/\/www.martyka.eu\/index.php\/wp-json\/wp\/v2\/posts\/568\/revisions\/570"}],"wp:featuredmedia":[{"embeddable":true,"href":"https:\/\/www.martyka.eu\/index.php\/wp-json\/wp\/v2\/media\/569"}],"wp:attachment":[{"href":"https:\/\/www.martyka.eu\/index.php\/wp-json\/wp\/v2\/media?parent=568"}],"wp:term":[{"taxonomy":"category","embeddable":true,"href":"https:\/\/www.martyka.eu\/index.php\/wp-json\/wp\/v2\/categories?post=568"},{"taxonomy":"post_tag","embeddable":true,"href":"https:\/\/www.martyka.eu\/index.php\/wp-json\/wp\/v2\/tags?post=568"}],"curies":[{"name":"wp","href":"https:\/\/api.w.org\/{rel}","templated":true}]}}